{"id":39496,"date":"2024-09-22T11:08:42","date_gmt":"2024-09-22T09:08:42","guid":{"rendered":"https:\/\/celtex.artificio-comunicazione.it\/industrie-celtex-donates-70-dispensers-for-paper-and-soap-to-montecarlo-comprehensive-school\/"},"modified":"2025-01-23T11:25:59","modified_gmt":"2025-01-23T10:25:59","slug":"industrie-celtex-fait-don-de-70-distributeurs-de-papier-et-de-savon-a-lecole-de-montecarlo","status":"publish","type":"post","link":"https:\/\/celtex.artificio-comunicazione.it\/fr\/industrie-celtex-fait-don-de-70-distributeurs-de-papier-et-de-savon-a-lecole-de-montecarlo\/","title":{"rendered":"Industrie Celtex fait don de 70 distributeurs de papier et de savon \u00e0 l&rsquo;\u00e9cole de Montecarlo"},"content":{"rendered":"<p>Le 19 septembre dernier, l&rsquo;\u00e9cole de Montecarlo a organis\u00e9 un \u00e9v\u00e9nement inaugural pour la nouvelle ann\u00e9e scolaire 2024-2025 en pr\u00e9sence de la directrice <b>Angelica Cecchi<\/b>, de la maire de Montecarlo <b>Marzia Bassini<\/b>, du maire adjoint <b>Ugo Lunardi<\/b> et du corps professoral accompagn\u00e9s des repr\u00e9sentants des parents d&rsquo;\u00e9l\u00e8ves.<\/p>\n<p>\u00c0 cette occasion, <b>Industrie Celtex<\/b>, une entreprise op\u00e9rant dans le secteur du papier, <b>a souhait\u00e9 faire don d&rsquo;une importante quantit\u00e9 de distributeurs de papier et de savon aux \u00e9coles primaires et secondaires de Montecarlo<\/b>. <span lang=\"en-GB\">Environ <\/span><span lang=\"en-GB\"><b>70 distributeurs<\/b><\/span><span lang=\"en-GB\">, avec leurs recharges de papier, ont \u00e9t\u00e9 install\u00e9s en quelques jours et garantiront un long approvisionnement en papier utile pour l&rsquo;ann\u00e9e scolaire. <\/span>Angelica Cecchi, heureuse du don re\u00e7u, a tenu \u00e0 souligner l&rsquo;importance de ce geste. <span lang=\"en-GB\">\u00ab\u00a0Gr\u00e2ce \u00e0 Industrie Celtex, <\/span><span lang=\"en-GB\"><b>nous avons r\u00e9am\u00e9nag\u00e9 tous les locaux de notre \u00e9tablissement, des toilettes pour les \u00e9l\u00e8ves et les enseignants \u00e0 celles du personnel administratif<\/b><\/span><span lang=\"en-GB\">, jusqu&rsquo;aux salles communes, comme la cantine. <\/span>Un v\u00e9ritable tournant qui nous permettra de garantir du papier prot\u00e9g\u00e9 aux \u00e9l\u00e8ves et au personnel scolaire\u00a0\u00bb.<\/p>\n<p><a href=\"https:\/\/www.luccaindiretta.it\/capannori-e-piana\/2024\/09\/22\/industrie-celtex-dona-70-distributori-di-carta-e-sapone-al-comprensivo-di-montecarlo\/426657\/\" target=\"_blank\" rel=\"noopener\">LIRE L&rsquo;ARTICLE COMPLET ICI<\/a><\/p>\n<p><img fetchpriority=\"high\" decoding=\"async\" class=\"alignleft wp-image-39481 size-large\" src=\"http:\/\/celtex.artificio-comunicazione.it\/wp-content\/uploads\/2025\/01\/Industrie-Celtex_dispenser-donation_copertina-1-819x1024.jpg\" alt=\"\" width=\"819\" height=\"1024\" srcset=\"https:\/\/celtex.artificio-comunicazione.it\/wp-content\/uploads\/2025\/01\/Industrie-Celtex_dispenser-donation_copertina-1-819x1024.jpg 819w, https:\/\/celtex.artificio-comunicazione.it\/wp-content\/uploads\/2025\/01\/Industrie-Celtex_dispenser-donation_copertina-1-240x300.jpg 240w, https:\/\/celtex.artificio-comunicazione.it\/wp-content\/uploads\/2025\/01\/Industrie-Celtex_dispenser-donation_copertina-1-768x960.jpg 768w, https:\/\/celtex.artificio-comunicazione.it\/wp-content\/uploads\/2025\/01\/Industrie-Celtex_dispenser-donation_copertina-1-960x1200.jpg 960w, https:\/\/celtex.artificio-comunicazione.it\/wp-content\/uploads\/2025\/01\/Industrie-Celtex_dispenser-donation_copertina-1-640x800.jpg 640w, https:\/\/celtex.artificio-comunicazione.it\/wp-content\/uploads\/2025\/01\/Industrie-Celtex_dispenser-donation_copertina-1-480x600.jpg 480w, https:\/\/celtex.artificio-comunicazione.it\/wp-content\/uploads\/2025\/01\/Industrie-Celtex_dispenser-donation_copertina-1-384x480.jpg 384w, https:\/\/celtex.artificio-comunicazione.it\/wp-content\/uploads\/2025\/01\/Industrie-Celtex_dispenser-donation_copertina-1-320x400.jpg 320w, https:\/\/celtex.artificio-comunicazione.it\/wp-content\/uploads\/2025\/01\/Industrie-Celtex_dispenser-donation_copertina-1-600x750.jpg 600w, https:\/\/celtex.artificio-comunicazione.it\/wp-content\/uploads\/2025\/01\/Industrie-Celtex_dispenser-donation_copertina-1.jpg 1200w\" sizes=\"(max-width: 819px) 100vw, 819px\" \/><\/p>\n","protected":false},"excerpt":{"rendered":"<p>Le 19 septembre dernier, l&rsquo;\u00e9cole de Montecarlo a organis\u00e9 un \u00e9v\u00e9nement inaugural pour la nouvelle ann\u00e9e scolaire 2024-2025 en pr\u00e9sence de la directrice Angelica Cecchi, de la maire de Montecarlo Marzia Bassini, du maire adjoint Ugo Lunardi et du corps professoral&#8230;<\/p>\n","protected":false},"author":1,"featured_media":39483,"comment_status":"open","ping_status":"open","sticky":false,"template":"","format":"standard","meta":{"footnotes":""},"categories":[129],"tags":[],"class_list":["post-39496","post","type-post","status-publish","format-standard","has-post-thumbnail","hentry","category-entreprise"],"_links":{"self":[{"href":"https:\/\/celtex.artificio-comunicazione.it\/fr\/wp-json\/wp\/v2\/posts\/39496","targetHints":{"allow":["GET"]}}],"collection":[{"href":"https:\/\/celtex.artificio-comunicazione.it\/fr\/wp-json\/wp\/v2\/posts"}],"about":[{"href":"https:\/\/celtex.artificio-comunicazione.it\/fr\/wp-json\/wp\/v2\/types\/post"}],"author":[{"embeddable":true,"href":"https:\/\/celtex.artificio-comunicazione.it\/fr\/wp-json\/wp\/v2\/users\/1"}],"replies":[{"embeddable":true,"href":"https:\/\/celtex.artificio-comunicazione.it\/fr\/wp-json\/wp\/v2\/comments?post=39496"}],"version-history":[{"count":1,"href":"https:\/\/celtex.artificio-comunicazione.it\/fr\/wp-json\/wp\/v2\/posts\/39496\/revisions"}],"predecessor-version":[{"id":39497,"href":"https:\/\/celtex.artificio-comunicazione.it\/fr\/wp-json\/wp\/v2\/posts\/39496\/revisions\/39497"}],"wp:featuredmedia":[{"embeddable":true,"href":"https:\/\/celtex.artificio-comunicazione.it\/fr\/wp-json\/wp\/v2\/media\/39483"}],"wp:attachment":[{"href":"https:\/\/celtex.artificio-comunicazione.it\/fr\/wp-json\/wp\/v2\/media?parent=39496"}],"wp:term":[{"taxonomy":"category","embeddable":true,"href":"https:\/\/celtex.artificio-comunicazione.it\/fr\/wp-json\/wp\/v2\/categories?post=39496"},{"taxonomy":"post_tag","embeddable":true,"href":"https:\/\/celtex.artificio-comunicazione.it\/fr\/wp-json\/wp\/v2\/tags?post=39496"}],"curies":[{"name":"wp","href":"https:\/\/api.w.org\/{rel}","templated":true}]}}